{"id":1324,"date":"2020-05-19T06:00:00","date_gmt":"2020-05-19T04:00:00","guid":{"rendered":"https:\/\/erweckedeinpotential.de\/?p=1324"},"modified":"2020-05-20T00:35:24","modified_gmt":"2020-05-19T22:35:24","slug":"botschaft-fuer-den-19-mai-2020","status":"publish","type":"post","link":"https:\/\/erweckedeinpotential.de\/en\/2020\/05\/botschaft-fuer-den-19-mai-2020\/","title":{"rendered":"Botschaft f\u00fcr den 19. Mai 2020"},"content":{"rendered":"<p>Richte deinen Fokus auf Freude und Leichtigkeit! Beachte, dass du deine Gedanken und deine Aufmerksamkeit auf das lenkst, was du in deinem Leben manifestieren willst. Sei dir gewiss, dass du genau das in dein Leben holst bzw. das Wirklichkeit wird, worauf du deinen Gedanken gelenkt hast. <\/p>\n\n\n\n<!--more-->\n<!--noteaser-->\n\n\n\n<p>Richte deinen Fokus auf Freude und Leichtigkeit! Beachte, dass du deine Gedanken und deine Aufmerksamkeit auf das lenkst, was du in deinem Leben manifestieren willst. Sei dir gewiss, dass du genau das in dein Leben holst bzw. das Wirklichkeit wird, worauf du deinen Gedanken gelenkt hast. Zu viele Menschen manifestieren in ihrem Leben das Gegenteil von dem was gut f\u00fcr sie ist. Wie kommt das? Diesen Menschen fehlt u. a. das Bewusstsein, deshalb fokussieren sie sich auf das was sie nicht wollen, wogegen sie k\u00e4mpfen oder wovor sie Angst haben. Wozu geh\u00f6rst du? Verwende deine Manifestationskraft bestm\u00f6glich effektiv und weise. Erinnere dich an die Worte von Mutter Theresa: \u201eZu einer Antikriegs- Demonstration werde ich niemals kommen. Zu einer Friedensdemonstration d\u00fcrfen sie mich gerne einladen.\u201c \u2013 Es bedeutet f\u00fcr mich: K\u00e4mpfe nicht gegen etwas, sondern setze dich f\u00fcr Frieden ein.<\/p>\n\n\n\n<p>Die gr\u00f6\u00dfte Manifestationskraft liegt darin mit dem Gef\u00fchl deutlich f\u00fcr etwas zu sein und die Kraft der Gedanken, der Worte und Handlungen daf\u00fcr einzusetzen. Gehe so den direkten Weg und habe viel mehr Erfolg dabei!<\/p>\n\n\n\n<figure class=\"wp-block-image size-large\"><img fetchpriority=\"high\" decoding=\"async\" width=\"768\" height=\"1024\" src=\"https:\/\/erweckedeinpotential.de\/wp-content\/uploads\/2020\/05\/three-wooden-signage-in-a-tree-close-up-photography-2562560-768x1024.jpg\" alt=\"\" class=\"wp-image-1326\" srcset=\"https:\/\/erweckedeinpotential.de\/wp-content\/uploads\/2020\/05\/three-wooden-signage-in-a-tree-close-up-photography-2562560-768x1024.jpg 768w, https:\/\/erweckedeinpotential.de\/wp-content\/uploads\/2020\/05\/three-wooden-signage-in-a-tree-close-up-photography-2562560-600x800.jpg 600w, https:\/\/erweckedeinpotential.de\/wp-content\/uploads\/2020\/05\/three-wooden-signage-in-a-tree-close-up-photography-2562560-225x300.jpg 225w, https:\/\/erweckedeinpotential.de\/wp-content\/uploads\/2020\/05\/three-wooden-signage-in-a-tree-close-up-photography-2562560-1152x1536.jpg 1152w, https:\/\/erweckedeinpotential.de\/wp-content\/uploads\/2020\/05\/three-wooden-signage-in-a-tree-close-up-photography-2562560-1536x2048.jpg 1536w, https:\/\/erweckedeinpotential.de\/wp-content\/uploads\/2020\/05\/three-wooden-signage-in-a-tree-close-up-photography-2562560.jpg 1920w\" sizes=\"(max-width: 768px) 100vw, 768px\" \/><\/figure>\n\n\n\n<p>Photo by <strong><a rel=\"noreferrer noopener\" href=\"https:\/\/www.pexels.com\/de-de\/@maria-gulyaeva-1259102?utm_content=attributionCopyText&amp;utm_medium=referral&amp;utm_source=pexels\" target=\"_blank\">Maria Gulyaeva<\/a><\/strong> from <strong><a rel=\"noreferrer noopener\" href=\"https:\/\/www.pexels.com\/de-de\/foto\/baum-baumstamm-beschilderungen-blume-2562560\/?utm_content=attributionCopyText&amp;utm_medium=referral&amp;utm_source=pexels\" target=\"_blank\">Pexels<\/a><\/strong><\/p>\n\n\n\n<p>Titelfoto: Foto von <strong><a href=\"https:\/\/www.pexels.com\/de-de\/@miguelconstantin?utm_content=attributionCopyText&amp;utm_medium=referral&amp;utm_source=pexels\" target=\"_blank\" rel=\"noreferrer noopener\">Miguel Constantin Montes<\/a><\/strong> from <strong><a href=\"https:\/\/www.pexels.com\/de-de\/foto\/asiatisch-frau-frieden-frohlich-249613\/?utm_content=attributionCopyText&amp;utm_medium=referral&amp;utm_source=pexels\" target=\"_blank\" rel=\"noreferrer noopener\">Pexels<\/a><\/strong><\/p>\n\n\n\n<p><\/p>","protected":false},"excerpt":{"rendered":"<p>Richte deinen Fokus auf Freude und Leichtigkeit! Beachte, dass du deine Gedanken und deine Aufmerksamkeit auf das lenkst, was du in deinem Leben manifestieren willst. Sei dir gewiss, dass du genau das in dein Leben holst bzw. das Wirklichkeit wird, worauf du deinen Gedanken gelenkt hast.<\/p>","protected":false},"author":1,"featured_media":1328,"comment_status":"open","ping_status":"open","sticky":false,"template":"","format":"standard","meta":{"footnotes":""},"categories":[2],"tags":[133,54,169,43,38,269,132,59,153,490,489],"class_list":["post-1324","post","type-post","status-publish","format-standard","has-post-thumbnail","hentry","category-botschaft","tag-aufmerksamkeit","tag-erfolg","tag-fokus","tag-freude","tag-frieden","tag-gedanken","tag-gefuehl","tag-leichtigkeit","tag-manifestationskraft","tag-mutter-theresa","tag-wirklichkeit"],"_links":{"self":[{"href":"https:\/\/erweckedeinpotential.de\/en\/wp-json\/wp\/v2\/posts\/1324","targetHints":{"allow":["GET"]}}],"collection":[{"href":"https:\/\/erweckedeinpotential.de\/en\/wp-json\/wp\/v2\/posts"}],"about":[{"href":"https:\/\/erweckedeinpotential.de\/en\/wp-json\/wp\/v2\/types\/post"}],"author":[{"embeddable":true,"href":"https:\/\/erweckedeinpotential.de\/en\/wp-json\/wp\/v2\/users\/1"}],"replies":[{"embeddable":true,"href":"https:\/\/erweckedeinpotential.de\/en\/wp-json\/wp\/v2\/comments?post=1324"}],"version-history":[{"count":4,"href":"https:\/\/erweckedeinpotential.de\/en\/wp-json\/wp\/v2\/posts\/1324\/revisions"}],"predecessor-version":[{"id":1330,"href":"https:\/\/erweckedeinpotential.de\/en\/wp-json\/wp\/v2\/posts\/1324\/revisions\/1330"}],"wp:featuredmedia":[{"embeddable":true,"href":"https:\/\/erweckedeinpotential.de\/en\/wp-json\/wp\/v2\/media\/1328"}],"wp:attachment":[{"href":"https:\/\/erweckedeinpotential.de\/en\/wp-json\/wp\/v2\/media?parent=1324"}],"wp:term":[{"taxonomy":"category","embeddable":true,"href":"https:\/\/erweckedeinpotential.de\/en\/wp-json\/wp\/v2\/categories?post=1324"},{"taxonomy":"post_tag","embeddable":true,"href":"https:\/\/erweckedeinpotential.de\/en\/wp-json\/wp\/v2\/tags?post=1324"}],"curies":[{"name":"wp","href":"https:\/\/api.w.org\/{rel}","templated":true}]}}