{"id":1577,"date":"2020-10-12T06:00:00","date_gmt":"2020-10-12T04:00:00","guid":{"rendered":"https:\/\/erweckedeinpotential.de\/?p=1577"},"modified":"2020-10-15T02:13:05","modified_gmt":"2020-10-15T00:13:05","slug":"botschaft-fuer-den-12-oktober-2020","status":"publish","type":"post","link":"https:\/\/erweckedeinpotential.de\/en\/2020\/10\/botschaft-fuer-den-12-oktober-2020\/","title":{"rendered":"Botschaft f\u00fcr den 12. Oktober 2020"},"content":{"rendered":"<p>Komme bei dir selbst an und finde so den Frieden in dir selbst. Nutze deinen Atem, um tief in dich selbst zu sp\u00fcren. <\/p>\n\n\n\n<!--more-->\n<!--noteaser-->\n\n\n\n<p>Komme bei dir selbst an und finde so den Frieden in dir selbst. Nutze deinen Atem, um tief in dich selbst zu sp\u00fcren. Sp\u00fcre dich so im Hier und Jetzt! F\u00fchle deine Pr\u00e4senz im aktuellen Moment. Lebe so viel mehr aus deiner Mitte heraus.<\/p>\n\n\n\n<p>Sorge bitte in diesen Zeiten gut f\u00fcr dich indem du immer wieder abschaltest und in die innerer Einkehr gehst, um einfach mal zwischendurch durchzuatmen.<\/p>\n\n\n\n<figure class=\"wp-block-image size-large\"><img fetchpriority=\"high\" decoding=\"async\" width=\"1024\" height=\"681\" src=\"https:\/\/erweckedeinpotential.de\/wp-content\/uploads\/2019\/01\/pexels-photo-321576-1024x681.jpeg\" alt=\"\" class=\"wp-image-474\" srcset=\"https:\/\/erweckedeinpotential.de\/wp-content\/uploads\/2019\/01\/pexels-photo-321576-1024x681.jpeg 1024w, https:\/\/erweckedeinpotential.de\/wp-content\/uploads\/2019\/01\/pexels-photo-321576-600x399.jpeg 600w, https:\/\/erweckedeinpotential.de\/wp-content\/uploads\/2019\/01\/pexels-photo-321576-300x200.jpeg 300w, https:\/\/erweckedeinpotential.de\/wp-content\/uploads\/2019\/01\/pexels-photo-321576-768x511.jpeg 768w, https:\/\/erweckedeinpotential.de\/wp-content\/uploads\/2019\/01\/pexels-photo-321576-360x240.jpeg 360w, https:\/\/erweckedeinpotential.de\/wp-content\/uploads\/2019\/01\/pexels-photo-321576.jpeg 1920w\" sizes=\"(max-width: 1024px) 100vw, 1024px\" \/><figcaption>Photo by <strong><a href=\"https:\/\/www.pexels.com\/de-de\/@freestockpro?utm_content=attributionCopyText&amp;utm_medium=referral&amp;utm_source=pexels\" target=\"_blank\" rel=\"noreferrer noopener\">VisionPic .net<\/a><\/strong> from <strong><a href=\"https:\/\/www.pexels.com\/de-de\/foto\/atem-atmung-aussicht-baum-321576\/?utm_content=attributionCopyText&amp;utm_medium=referral&amp;utm_source=pexels\" target=\"_blank\" rel=\"noreferrer noopener\">Pexels<\/a><\/strong><\/figcaption><\/figure>\n\n\n\n<p><\/p>","protected":false},"excerpt":{"rendered":"<p>Komme bei dir selbst an und finde so den Frieden in dir selbst. Nutze deinen Atem, um tief in dich selbst zu sp\u00fcren.<\/p>","protected":false},"author":1,"featured_media":474,"comment_status":"open","ping_status":"open","sticky":false,"template":"","format":"standard","meta":{"footnotes":""},"categories":[2],"tags":[543,544,37,546,545],"class_list":["post-1577","post","type-post","status-publish","format-standard","has-post-thumbnail","hentry","category-botschaft","tag-atem","tag-bei-sich-ankommen","tag-hier-und-jetzt","tag-innere-einkehr","tag-praesenz"],"_links":{"self":[{"href":"https:\/\/erweckedeinpotential.de\/en\/wp-json\/wp\/v2\/posts\/1577","targetHints":{"allow":["GET"]}}],"collection":[{"href":"https:\/\/erweckedeinpotential.de\/en\/wp-json\/wp\/v2\/posts"}],"about":[{"href":"https:\/\/erweckedeinpotential.de\/en\/wp-json\/wp\/v2\/types\/post"}],"author":[{"embeddable":true,"href":"https:\/\/erweckedeinpotential.de\/en\/wp-json\/wp\/v2\/users\/1"}],"replies":[{"embeddable":true,"href":"https:\/\/erweckedeinpotential.de\/en\/wp-json\/wp\/v2\/comments?post=1577"}],"version-history":[{"count":3,"href":"https:\/\/erweckedeinpotential.de\/en\/wp-json\/wp\/v2\/posts\/1577\/revisions"}],"predecessor-version":[{"id":1581,"href":"https:\/\/erweckedeinpotential.de\/en\/wp-json\/wp\/v2\/posts\/1577\/revisions\/1581"}],"wp:featuredmedia":[{"embeddable":true,"href":"https:\/\/erweckedeinpotential.de\/en\/wp-json\/wp\/v2\/media\/474"}],"wp:attachment":[{"href":"https:\/\/erweckedeinpotential.de\/en\/wp-json\/wp\/v2\/media?parent=1577"}],"wp:term":[{"taxonomy":"category","embeddable":true,"href":"https:\/\/erweckedeinpotential.de\/en\/wp-json\/wp\/v2\/categories?post=1577"},{"taxonomy":"post_tag","embeddable":true,"href":"https:\/\/erweckedeinpotential.de\/en\/wp-json\/wp\/v2\/tags?post=1577"}],"curies":[{"name":"wp","href":"https:\/\/api.w.org\/{rel}","templated":true}]}}