{"id":1774,"date":"2021-03-08T06:00:38","date_gmt":"2021-03-08T05:00:38","guid":{"rendered":"https:\/\/erweckedeinpotential.de\/?p=1774"},"modified":"2021-03-08T17:02:01","modified_gmt":"2021-03-08T16:02:01","slug":"botschaft-fuer-den-8-maerz-2021","status":"publish","type":"post","link":"https:\/\/erweckedeinpotential.de\/en\/2021\/03\/botschaft-fuer-den-8-maerz-2021\/","title":{"rendered":"Botschaft f\u00fcr den 8. M\u00e4rz 2021"},"content":{"rendered":"<p><strong>8. M\u00e4rz &#8211; Internationaler Frauentag<\/strong><\/p>\n<p>feiere dich und deine Weiblichkeit<\/p>\n<p><img fetchpriority=\"high\" decoding=\"async\" src=\"https:\/\/erweckedeinpotential.de\/wp-content\/uploads\/2021\/03\/Braun-und-Weiss-Traditionell-Leben-Zitat-Instagram-Beitrag1.png\" alt=\"\" class=\"alignnone wp-image-1775 size-full\" width=\"1080\" height=\"1080\" srcset=\"https:\/\/erweckedeinpotential.de\/wp-content\/uploads\/2021\/03\/Braun-und-Weiss-Traditionell-Leben-Zitat-Instagram-Beitrag1.png 1080w, https:\/\/erweckedeinpotential.de\/wp-content\/uploads\/2021\/03\/Braun-und-Weiss-Traditionell-Leben-Zitat-Instagram-Beitrag1-160x160.png 160w, https:\/\/erweckedeinpotential.de\/wp-content\/uploads\/2021\/03\/Braun-und-Weiss-Traditionell-Leben-Zitat-Instagram-Beitrag1-600x600.png 600w, https:\/\/erweckedeinpotential.de\/wp-content\/uploads\/2021\/03\/Braun-und-Weiss-Traditionell-Leben-Zitat-Instagram-Beitrag1-300x300.png 300w, https:\/\/erweckedeinpotential.de\/wp-content\/uploads\/2021\/03\/Braun-und-Weiss-Traditionell-Leben-Zitat-Instagram-Beitrag1-1024x1024.png 1024w, https:\/\/erweckedeinpotential.de\/wp-content\/uploads\/2021\/03\/Braun-und-Weiss-Traditionell-Leben-Zitat-Instagram-Beitrag1-150x150.png 150w, https:\/\/erweckedeinpotential.de\/wp-content\/uploads\/2021\/03\/Braun-und-Weiss-Traditionell-Leben-Zitat-Instagram-Beitrag1-768x768.png 768w, https:\/\/erweckedeinpotential.de\/wp-content\/uploads\/2021\/03\/Braun-und-Weiss-Traditionell-Leben-Zitat-Instagram-Beitrag1-12x12.png 12w\" sizes=\"(max-width: 1080px) 100vw, 1080px\" \/><\/p>","protected":false},"excerpt":{"rendered":"<p>8. M\u00e4rz &#8211; Internationaler Frauentag feiere dich und deine Weiblichkeit<\/p>","protected":false},"author":1,"featured_media":1776,"comment_status":"open","ping_status":"open","sticky":false,"template":"","format":"standard","meta":{"footnotes":""},"categories":[2],"tags":[598,601,600,599,555,554,562],"class_list":["post-1774","post","type-post","status-publish","format-standard","has-post-thumbnail","hentry","category-botschaft","tag-8-maerz","tag-deine-weiblichkeit","tag-feiere-dich","tag-internationaler-frauentag","tag-sprueche","tag-spruecheweisheiten","tag-weise-sprueche"],"_links":{"self":[{"href":"https:\/\/erweckedeinpotential.de\/en\/wp-json\/wp\/v2\/posts\/1774","targetHints":{"allow":["GET"]}}],"collection":[{"href":"https:\/\/erweckedeinpotential.de\/en\/wp-json\/wp\/v2\/posts"}],"about":[{"href":"https:\/\/erweckedeinpotential.de\/en\/wp-json\/wp\/v2\/types\/post"}],"author":[{"embeddable":true,"href":"https:\/\/erweckedeinpotential.de\/en\/wp-json\/wp\/v2\/users\/1"}],"replies":[{"embeddable":true,"href":"https:\/\/erweckedeinpotential.de\/en\/wp-json\/wp\/v2\/comments?post=1774"}],"version-history":[{"count":1,"href":"https:\/\/erweckedeinpotential.de\/en\/wp-json\/wp\/v2\/posts\/1774\/revisions"}],"predecessor-version":[{"id":1777,"href":"https:\/\/erweckedeinpotential.de\/en\/wp-json\/wp\/v2\/posts\/1774\/revisions\/1777"}],"wp:featuredmedia":[{"embeddable":true,"href":"https:\/\/erweckedeinpotential.de\/en\/wp-json\/wp\/v2\/media\/1776"}],"wp:attachment":[{"href":"https:\/\/erweckedeinpotential.de\/en\/wp-json\/wp\/v2\/media?parent=1774"}],"wp:term":[{"taxonomy":"category","embeddable":true,"href":"https:\/\/erweckedeinpotential.de\/en\/wp-json\/wp\/v2\/categories?post=1774"},{"taxonomy":"post_tag","embeddable":true,"href":"https:\/\/erweckedeinpotential.de\/en\/wp-json\/wp\/v2\/tags?post=1774"}],"curies":[{"name":"wp","href":"https:\/\/api.w.org\/{rel}","templated":true}]}}