{"id":955,"date":"2020-04-03T06:00:00","date_gmt":"2020-04-03T04:00:00","guid":{"rendered":"http:\/\/erweckedeinpotential.de\/?p=955"},"modified":"2020-04-03T18:18:43","modified_gmt":"2020-04-03T16:18:43","slug":"botschaft-fuer-den-3-april-2020","status":"publish","type":"post","link":"https:\/\/erweckedeinpotential.de\/en\/2020\/04\/botschaft-fuer-den-3-april-2020\/","title":{"rendered":"Botschaft f\u00fcr den 3. April 2020"},"content":{"rendered":"<p>Unsere Erde ist in tiefgreifenden Umwandlungsprozessen, die daf\u00fcr sorgen wollen, in bestm\u00f6glicher, angemessener, wertsch\u00e4tzender Weise in gr\u00f6\u00dftem Mitgef\u00fchl mit ihren Ressourcen umzugehen. Alles ist miteinander verbunden und hat Einfluss aufeinander. Wir alle sind miteinander verbunden. Denke einmal dar\u00fcber nach. Beobachte, sp\u00fcre in dich hinein und erlange nach und nach h\u00f6heres Bewusstsein. \u2013 Es ist die Zeit den Weg nach innen anzutreten. Erschaffe Harmonie in dir selbst.<\/p>\n\n\n\n<p>Erkenne, was du tun kannst einen guten Beitrag f\u00fcr mehr Harmonie und Reinheit auf Mutter Erde zu leisten. Beginne bei dir selbst!<\/p>\n\n\n\n<figure class=\"wp-block-image size-large\"><img fetchpriority=\"high\" decoding=\"async\" width=\"1024\" height=\"768\" src=\"http:\/\/erweckedeinpotential.de\/wp-content\/uploads\/2019\/04\/IMG_20190405_151803-1024x768.jpg\" alt=\"\" class=\"wp-image-827\" srcset=\"https:\/\/erweckedeinpotential.de\/wp-content\/uploads\/2019\/04\/IMG_20190405_151803-1024x768.jpg 1024w, https:\/\/erweckedeinpotential.de\/wp-content\/uploads\/2019\/04\/IMG_20190405_151803-600x450.jpg 600w, https:\/\/erweckedeinpotential.de\/wp-content\/uploads\/2019\/04\/IMG_20190405_151803-300x225.jpg 300w, https:\/\/erweckedeinpotential.de\/wp-content\/uploads\/2019\/04\/IMG_20190405_151803-768x576.jpg 768w\" sizes=\"(max-width: 1024px) 100vw, 1024px\" \/><figcaption>im Garten<br><\/figcaption><\/figure>\n\n\n\n<p><\/p>","protected":false},"excerpt":{"rendered":"<p>Unsere Erde ist in tiefgreifenden Umwandlungsprozessen, die daf\u00fcr sorgen wollen, in bestm\u00f6glicher, angemessener, wertsch\u00e4tzender Weise in gr\u00f6\u00dftem Mitgef\u00fchl mit ihren Ressourcen umzugehen. Alles ist miteinander verbunden und hat Einfluss aufeinander. Wir alle sind miteinander verbunden. Denke einmal dar\u00fcber nach. Beobachte, sp\u00fcre in dich hinein und erlange nach und nach h\u00f6heres [&hellip;]<\/p>\n","protected":false},"author":1,"featured_media":827,"comment_status":"open","ping_status":"open","sticky":false,"template":"","format":"standard","meta":{"footnotes":""},"categories":[2],"tags":[371,369,30,372,24,267,370],"class_list":["post-955","post","type-post","status-publish","format-standard","has-post-thumbnail","hentry","category-botschaft","tag-einfluss","tag-erde","tag-harmonie","tag-hoeheres-bewusstsein","tag-mitgefuehl","tag-ressourcen","tag-umwandlunsprozess"],"_links":{"self":[{"href":"https:\/\/erweckedeinpotential.de\/en\/wp-json\/wp\/v2\/posts\/955","targetHints":{"allow":["GET"]}}],"collection":[{"href":"https:\/\/erweckedeinpotential.de\/en\/wp-json\/wp\/v2\/posts"}],"about":[{"href":"https:\/\/erweckedeinpotential.de\/en\/wp-json\/wp\/v2\/types\/post"}],"author":[{"embeddable":true,"href":"https:\/\/erweckedeinpotential.de\/en\/wp-json\/wp\/v2\/users\/1"}],"replies":[{"embeddable":true,"href":"https:\/\/erweckedeinpotential.de\/en\/wp-json\/wp\/v2\/comments?post=955"}],"version-history":[{"count":4,"href":"https:\/\/erweckedeinpotential.de\/en\/wp-json\/wp\/v2\/posts\/955\/revisions"}],"predecessor-version":[{"id":961,"href":"https:\/\/erweckedeinpotential.de\/en\/wp-json\/wp\/v2\/posts\/955\/revisions\/961"}],"wp:featuredmedia":[{"embeddable":true,"href":"https:\/\/erweckedeinpotential.de\/en\/wp-json\/wp\/v2\/media\/827"}],"wp:attachment":[{"href":"https:\/\/erweckedeinpotential.de\/en\/wp-json\/wp\/v2\/media?parent=955"}],"wp:term":[{"taxonomy":"category","embeddable":true,"href":"https:\/\/erweckedeinpotential.de\/en\/wp-json\/wp\/v2\/categories?post=955"},{"taxonomy":"post_tag","embeddable":true,"href":"https:\/\/erweckedeinpotential.de\/en\/wp-json\/wp\/v2\/tags?post=955"}],"curies":[{"name":"wp","href":"https:\/\/api.w.org\/{rel}","templated":true}]}}